[{"@context":"https:\/\/schema.org\/","@type":"Article","@id":"https:\/\/www.aquavita.cz\/zahrada-v-prvni-mesicich-jara\/#Article","mainEntityOfPage":"https:\/\/www.aquavita.cz\/zahrada-v-prvni-mesicich-jara\/","headline":"Zahrada v prvn\u00ed m\u011bs\u00edc\u00edch jara","name":"Zahrada v prvn\u00ed m\u011bs\u00edc\u00edch jara","description":"P\u0159i n\u00e1stupu jara se na n\u00e1s najednou nakup\u00ed hned n\u011bkolik \u00fakon\u016f na zahr\u00e1dce a kolem dome\u010dku. Snadno se n\u00e1m tak m\u016f\u017ee st\u00e1t, \u017ee na n\u011bco zapomeneme. Jak si dob\u0159e napl\u00e1novat v\u0161echny v\u00fdsevy, abychom nic neprome\u0161kali?\u00a0 Pom\u016f\u017ee v\u00e1m k\u00a0tomu tento jednoduch\u00fd a p\u0159ehledn\u00fd seznam \u00fakol\u016f, kter\u00e9 je pot\u0159eba na ja\u0159e stihnout. \u00a0 B\u0159ezen \u00b7\u00a0\u00a0\u00a0\u00a0\u00a0\u00a0\u00a0\u00a0 Zelenina Za\u010d\u00e1tkem [&hellip;]","datePublished":"2019-05-13","dateModified":"2019-05-13","author":{"@type":"Person","@id":"https:\/\/www.aquavita.cz\/author\/#Person","name":"","url":"https:\/\/www.aquavita.cz\/author\/","identifier":1,"image":{"@type":"ImageObject","@id":"https:\/\/secure.gravatar.com\/avatar\/014a645f9f16d49aceddb25e316448c724bd78e7db0ee7a34c29417d5ca39ef1?s=96&d=mm&r=g","url":"https:\/\/secure.gravatar.com\/avatar\/014a645f9f16d49aceddb25e316448c724bd78e7db0ee7a34c29417d5ca39ef1?s=96&d=mm&r=g","height":96,"width":96}},"publisher":{"@type":"Organization","name":"aquavita.cz","logo":{"@type":"ImageObject","@id":"\/logo.png","url":"\/logo.png","width":600,"height":60}},"image":{"@type":"ImageObject","@id":"https:\/\/www.aquavita.cz\/wp-content\/uploads\/img_a345344_w2946_t1558986401.jpg","url":"https:\/\/www.aquavita.cz\/wp-content\/uploads\/img_a345344_w2946_t1558986401.jpg","height":0,"width":0},"url":"https:\/\/www.aquavita.cz\/zahrada-v-prvni-mesicich-jara\/","wordCount":437,"articleBody":"P\u0159i n\u00e1stupu jara se na n\u00e1s najednou nakup\u00ed hned n\u011bkolik \u00fakon\u016f na zahr\u00e1dce a kolem dome\u010dku. Snadno se n\u00e1m tak m\u016f\u017ee st\u00e1t, \u017ee na n\u011bco zapomeneme. Jak si dob\u0159e napl\u00e1novat v\u0161echny v\u00fdsevy, abychom nic neprome\u0161kali?\u00a0 Pom\u016f\u017ee v\u00e1m k\u00a0tomu tento jednoduch\u00fd a p\u0159ehledn\u00fd seznam \u00fakol\u016f, kter\u00e9 je pot\u0159eba na ja\u0159e stihnout.\u00a0B\u0159ezen\u00b7\u00a0\u00a0\u00a0\u00a0\u00a0\u00a0\u00a0\u00a0 ZeleninaZa\u010d\u00e1tkem m\u011bs\u00edce za\u010dn\u011bte s\u00a0p\u0159edp\u011bstov\u00e1n\u00edm sazenic. Ide\u00e1ln\u00ed doba je pak na papriky a brokolici. Do poloviny m\u011bs\u00edce byste m\u011bli zas\u00e1zet tak\u00e9 sem\u00ednka raj\u010dat.\u00a0Do sklen\u00edku u\u017e m\u016f\u017eete s\u00a0\u010dist\u00fdm sv\u011bdom\u00edm vys\u00edt karotku, \u0159edkvi\u010dku nebo t\u0159eba bazalku. Stejn\u011b tak je nejvy\u0161\u0161\u00ed \u010das na p\u0159edp\u011bstov\u00e1n\u00ed ran\u00e9ho sal\u00e1tu. Mlad\u00fd sal\u00e1t u\u017e m\u016f\u017eete na z\u00e1hon s\u00e1zet koncem m\u011bs\u00edce a je\u0161t\u011b ho pro jistotu p\u0159ekr\u00fdt netkanou f\u00f3li\u00ed. Vysazovat do zem\u011b u\u017e m\u016f\u017eete cibuli a \u010desnek.\u00a0\u00b7\u00a0\u00a0\u00a0\u00a0\u00a0\u00a0\u00a0\u00a0 Stromy a ke\u0159eV\u00a0tomto m\u011bs\u00edci jsou ide\u00e1ln\u00ed podm\u00ednky pro v\u00fdsadbu ovocn\u00fdch strom\u016f a ke\u0159\u016f. Na ja\u0159e m\u016f\u017eete vysazovat dokonce i tolik choulostiv\u00e9 broskvon\u011b a meru\u0148ky. Koncem m\u011bs\u00edce pak m\u016f\u017eete za\u010d\u00edt s\u00a0vysazov\u00e1n\u00edm okrasn\u00fdch opadav\u00fdch listn\u00e1\u010d\u016f nebo nap\u0159\u00edklad r\u00e9vy vinn\u00e9.\u00a0Duben\u00b7\u00a0\u00a0\u00a0\u00a0\u00a0\u00a0\u00a0\u00a0 ZeleninaV\u00a0dubnu u\u017e je nejvy\u0161\u0161\u00ed \u010das na vys\u00e9v\u00e1n\u00ed zeleniny, nap\u0159\u00edklad mrkev, nejr\u016fzn\u011bj\u0161\u00ed sal\u00e1ty, \u010dervenou \u0159epu, hr\u00e1ch, \u0161pen\u00e1t ad.\u00a0Stejn\u011b ta je duben ide\u00e1ln\u00ed na vys\u00e9v\u00e1n\u00ed aromatick\u00fdch bylin. Vys\u00edt m\u016f\u017eete oregano, levanduli, tymi\u00e1n, \u0161alv\u011bj, m\u00e1tu ad.\u00a0Vysazovat m\u016f\u017eete u\u017e p\u0159edem p\u0159edp\u011bstovan\u00e9 sazenice sal\u00e1tu nebo brokolice nebo sazenice raj\u010dat, ty v\u0161ak rad\u011bji do sklen\u00edku, jinak by mohly sazeni\u010dky zmrznout.\u00a0Kv\u011bten\u00b7\u00a0\u00a0\u00a0\u00a0\u00a0\u00a0\u00a0\u00a0 Zelenina Za\u010d\u00e1tkem kv\u011btna je ide\u00e1ln\u00ed \u010das pro v\u00fdsev okurek nakl\u00e1da\u010dek nebo poln\u00edch sal\u00e1tovek.Sej\u00ed se i posledn\u00ed dobou velmi obl\u00edben\u00e9 cukety, nejl\u00e9pe v\u0161ak a\u017e v\u00a0druh\u00e9 polovin\u011b kv\u011btna, kdy budete m\u00edt jistotu, \u017ee u\u017e nep\u0159ijdou jarn\u00ed mraz\u00edci. V\u00a0druh\u00e9 polovin\u011b kv\u011btna se sej\u00ed fazole a kuku\u0159ice, melouny vodn\u00ed a tak\u00e9 sazeni\u010dky raj\u010dat, paprik a lilk\u016f.\u00a0\u00a0V\u00a0\u00favahu v\u0161ak mus\u00edme vz\u00edt krom\u011b datumu v\u00a0kalend\u00e1\u0159i, i nadmo\u0159skou v\u00fd\u0161ku, zem\u011bpisnou polohu a hlavn\u011b aktu\u00e1ln\u00ed p\u0159edpov\u011b\u010f po\u010das\u00ed.\u00a0                                                                                                                                                                                                                                                                                                                                                                                        3.8\/5 - (6 votes)        "},{"@context":"https:\/\/schema.org\/","@type":"BreadcrumbList","itemListElement":[{"@type":"ListItem","position":1,"name":"Zahrada v prvn\u00ed m\u011bs\u00edc\u00edch jara","item":"https:\/\/www.aquavita.cz\/zahrada-v-prvni-mesicich-jara\/#breadcrumbitem"}]}]