[{"@context":"https:\/\/schema.org\/","@type":"Article","@id":"https:\/\/www.aquavita.cz\/vedecke-filmy-v-olomouci\/#Article","mainEntityOfPage":"https:\/\/www.aquavita.cz\/vedecke-filmy-v-olomouci\/","headline":"\u201eV\u011bdeck\u00e9\u201c filmy v Olomouci","name":"\u201eV\u011bdeck\u00e9\u201c filmy v Olomouci","description":"Slovo v\u011bdeck\u00e9 v nadpisu \u010dl\u00e1nku je v uvozovk\u00e1ch \u00famysln\u011b. Tento v\u00fdraz lze toti\u017e pochopit v\u0161elijak. A tak\u00e9, ka\u017ed\u00fd \u010dlov\u011bk ch\u00e1pe n\u011bco jinak. Jinak bude matematik ch\u00e1pat v\u00fdklady \u010desk\u00e9ho pravopisu a jinak p\u0159edn\u00e1\u0161ku o fyzice. Tak\u017ee skute\u010dn\u011b nelze p\u0159esn\u011b ur\u010dit kter\u00e9 &bdquo;kon\u010diny&ldquo; by m\u011bl tento v\u00fdraz obsadit. V ka\u017ed\u00e9m p\u0159\u00edpad\u011b, pozn\u00e1te to sami. Pokud ji\u017e bude [&hellip;]","datePublished":"2023-05-06","dateModified":"2023-05-06","author":{"@type":"Person","@id":"https:\/\/www.aquavita.cz\/author\/#Person","name":"","url":"https:\/\/www.aquavita.cz\/author\/","identifier":1,"image":{"@type":"ImageObject","@id":"https:\/\/secure.gravatar.com\/avatar\/014a645f9f16d49aceddb25e316448c724bd78e7db0ee7a34c29417d5ca39ef1?s=96&d=mm&r=g","url":"https:\/\/secure.gravatar.com\/avatar\/014a645f9f16d49aceddb25e316448c724bd78e7db0ee7a34c29417d5ca39ef1?s=96&d=mm&r=g","height":96,"width":96}},"publisher":{"@type":"Organization","name":"aquavita.cz","logo":{"@type":"ImageObject","@id":"\/logo.png","url":"\/logo.png","width":600,"height":60}},"image":{"@type":"ImageObject","@id":"https:\/\/www.aquavita.cz\/wp-content\/uploads\/img_a344145_w2639_t1557580451.jpg","url":"https:\/\/www.aquavita.cz\/wp-content\/uploads\/img_a344145_w2639_t1557580451.jpg","height":0,"width":0},"url":"https:\/\/www.aquavita.cz\/vedecke-filmy-v-olomouci\/","about":["Kultura"],"wordCount":426,"articleBody":"Slovo v\u011bdeck\u00e9 v nadpisu \u010dl\u00e1nku je v uvozovk\u00e1ch \u00famysln\u011b. Tento v\u00fdraz lze toti\u017e pochopit v\u0161elijak. A tak\u00e9, ka\u017ed\u00fd \u010dlov\u011bk ch\u00e1pe n\u011bco jinak. Jinak bude matematik ch\u00e1pat v\u00fdklady \u010desk\u00e9ho pravopisu a jinak p\u0159edn\u00e1\u0161ku o fyzice. Tak\u017ee skute\u010dn\u011b nelze p\u0159esn\u011b ur\u010dit kter\u00e9 &bdquo;kon\u010diny&ldquo; by m\u011bl tento v\u00fdraz obsadit.\tV ka\u017ed\u00e9m p\u0159\u00edpad\u011b, pozn\u00e1te to sami. Pokud ji\u017e bude v\u011bc nad va\u0161e ch\u00e1p\u00e1n\u00ed, m\u016f\u017eete se o to p\u0159estat zaj\u00edmat, nebo naopak, usednete ke knih\u00e1m a studijn\u00edm materi\u00e1l\u016fm a budete se sna\u017eit to pochopit. A pr\u00e1v\u011b v tom by v\u00e1m mohl pomoci festival v\u011bdeck\u00fdch film\u016f v Olomouci.\t\tCel\u00e1 tato akce je pojata jako sout\u011b\u017en\u00ed, tak\u017ee ji\u017e to by m\u011blo zaru\u010dit ur\u010ditou \u00farove\u0148. Akce se kon\u00e1 od 23. do 28. dubna tohoto roku (2019) a ani nelze vyjmenovat v\u0161ech \u010dty\u0159i sta osobnost\u00ed, kter\u00e9 se do moravsk\u00e9ho m\u011bsta sjedou.\tSout\u011b\u017eit bude kolem osmdes\u00e1ti dokument\u00e1rn\u00edch film\u016f, a to z cel\u00e9ho sv\u011bta. Mimochodem jich bylo p\u0159ihl\u00e1\u0161eno, v\u011b\u0159te nebo ne, p\u0159es \u010dty\u0159i tis\u00edce. Co\u017e je v historii olomouck\u00e9ho festivalu v\u011bdeck\u00fdch film\u016f nov\u00fd rekord. A z tohoto po\u010dtu museli odborn\u00edci vybrat pr\u00e1v\u011b jen t\u011bch osmdes\u00e1t zmi\u0148ovan\u00fdch.\tT\u00e9ma budou r\u016fzn\u00e1, nam\u00e1tkou vyberme nap\u0159\u00edklad t\u00e9ma Vesm\u00edru, kter\u00e9 nav\u0161t\u00edv\u00ed n\u00e1\u0161 prvn\u00ed kosmonaut Vladim\u00edr Remek. A kdy\u017e u\u017e jsem prozradil jedno jm\u00e9no, prozrad\u00edm i dal\u0161\u00ed.\t\tT\u00e9ma egyptologie, zam\u011b\u0159en\u00e9 i na na\u0161e, \u010desk\u00e9 z\u00e1sluhy v t\u00e9to oblasti, nav\u0161t\u00edv\u00ed samotn\u00fd Zahi Hawass. Je to jeden z nejslavn\u011bj\u0161\u00edch archeolog\u016f a egyptolog\u016f v\u016fbec, a je zn\u00e1m po cel\u00e9m sv\u011bt\u011b.\tFestival bude prov\u00e1zen velkou \u0159adou dal\u0161\u00edch akc\u00ed. To znamen\u00e1 spoustu v\u00fdstav nebo koncert\u016f. Co\u017e mi ned\u00e1, abych nenarazil na hudebn\u00ed t\u00e9ma. P\u0159ijede sem i autor hudby k seri\u00e1lu Vikingov\u00e9 Einar Selvik.\tPokud byste m\u011bli z\u00e1jem se \u00fa\u010dastnit, rychle si je\u0161t\u011b zkuste zamluvit ubytov\u00e1n\u00ed, proto\u017ee zpr\u00e1va nesouc\u00ed se lidem odborn\u00fdm i laick\u00fdm hovo\u0159\u00ed o tom, \u017ee ve\u0161ker\u00e9 ubytov\u00e1n\u00ed v Olomouci je beznad\u011bjn\u011b vyprod\u00e1no. Tak\u017ee mi nezb\u00fdv\u00e1 ne\u017e v\u00e1m pop\u0159\u00e1t hodn\u011b \u0161t\u011bst\u00ed. T\u0159eba v\u00e1m to vyjde.                                                                                                                                                                                                                                                                                                                                                                                        4.6\/5 - (7 votes)        "},{"@context":"https:\/\/schema.org\/","@type":"BreadcrumbList","itemListElement":[{"@type":"ListItem","position":1,"name":"\u201eV\u011bdeck\u00e9\u201c filmy v Olomouci","item":"https:\/\/www.aquavita.cz\/vedecke-filmy-v-olomouci\/#breadcrumbitem"}]}]