[{"@context":"https:\/\/schema.org\/","@type":"Article","@id":"https:\/\/www.aquavita.cz\/vanocni-darky-pro-deti-do-tri-let\/#Article","mainEntityOfPage":"https:\/\/www.aquavita.cz\/vanocni-darky-pro-deti-do-tri-let\/","headline":"V\u00e1no\u010dn\u00ed d\u00e1rky pro d\u011bti do t\u0159\u00ed let","name":"V\u00e1no\u010dn\u00ed d\u00e1rky pro d\u011bti do t\u0159\u00ed let","description":"V\u00e1noce jsou tady! Tedy skoro. Je na \u010dase pustit se do nakupov\u00e1n\u00ed v\u00e1no\u010dn\u00edch d\u00e1rk\u016f, abychom to m\u011bli bez stresu. A co koupit na\u0161im nejmen\u0161\u00edm? D\u011bti do jednoho roku Mal\u00e9 d\u011bti do jednoho roku jsou ti nejvd\u011b\u010dn\u011bj\u0161\u00ed obdarovan\u00ed. Ud\u011bl\u00e1 jim v\u011bt\u0161inou radost u\u017e oby\u010dejn\u00fd pap\u00edr, kter\u00fd m\u016f\u017eou trhat, nemluv\u011b o barevn\u00fdch hra\u010dk\u00e1ch, kter\u00e9 se pod pap\u00edrem [&hellip;]","datePublished":"2021-08-20","dateModified":"2024-07-03","author":{"@type":"Person","@id":"https:\/\/www.aquavita.cz\/author\/#Person","name":"","url":"https:\/\/www.aquavita.cz\/author\/","identifier":1,"image":{"@type":"ImageObject","@id":"https:\/\/secure.gravatar.com\/avatar\/014a645f9f16d49aceddb25e316448c724bd78e7db0ee7a34c29417d5ca39ef1?s=96&d=mm&r=g","url":"https:\/\/secure.gravatar.com\/avatar\/014a645f9f16d49aceddb25e316448c724bd78e7db0ee7a34c29417d5ca39ef1?s=96&d=mm&r=g","height":96,"width":96}},"publisher":{"@type":"Organization","name":"aquavita.cz","logo":{"@type":"ImageObject","@id":"\/logo.png","url":"\/logo.png","width":600,"height":60}},"image":{"@type":"ImageObject","@id":"https:\/\/www.aquavita.cz\/wp-content\/uploads\/t%C5%99%C3%ADkolka.jpg","url":"https:\/\/www.aquavita.cz\/wp-content\/uploads\/t%C5%99%C3%ADkolka.jpg","height":0,"width":0},"url":"https:\/\/www.aquavita.cz\/vanocni-darky-pro-deti-do-tri-let\/","about":["V\u00fdrobky"],"wordCount":446,"articleBody":"         V\u00e1noce jsou tady! Tedy skoro. Je na \u010dase pustit se do nakupov\u00e1n\u00ed v\u00e1no\u010dn\u00edch d\u00e1rk\u016f, abychom to m\u011bli bez stresu. A co koupit na\u0161im nejmen\u0161\u00edm?D\u011bti do jednoho rokuMal\u00e9 d\u011bti do jednoho roku jsou ti nejvd\u011b\u010dn\u011bj\u0161\u00ed obdarovan\u00ed. Ud\u011bl\u00e1 jim v\u011bt\u0161inou radost u\u017e oby\u010dejn\u00fd pap\u00edr, kter\u00fd m\u016f\u017eou trhat, nemluv\u011b o barevn\u00fdch hra\u010dk\u00e1ch, kter\u00e9 se pod pap\u00edrem skr\u00fdvaj\u00ed. Velkou radost d\u00edt\u011bti ud\u011bl\u00e1te r\u016fzn\u00fdmi chrast\u00edtky, hrac\u00ed dekou, houpa\u010dkou na zahradu, nebo t\u0159eba p\u011bknou stavebnic\u00ed vhodnou pro mal\u00e9 ru\u010di\u010dky. Skv\u011bl\u00e1 jsou t\u0159eba i prvn\u00ed aut\u00ed\u010dka, s vhodn\u00fdm \u00fachopem, aby se d\u00edt\u011bti dob\u0159e dr\u017eely. V t\u00e9to dob\u011b tak\u00e9 d\u00edt\u011b za\u010d\u00edn\u00e1 chodit a ocen\u00ed hra\u010dky, jako je t\u0159eba hrac\u00ed stole\u010dek, u kter\u00e9ho m\u016f\u017ee st\u00e1t a kter\u00fd bude hr\u00e1t t\u0159eba melodie.D\u011bti do dvou letD\u011bti mezi prvn\u00edm a druh\u00fdm rokem jsou \u010d\u00edm d\u00e1l pohybliv\u011bj\u0161\u00ed, hodit se jim bude t\u0159eba skluzavka, v\u00e1lec na prol\u00e9z\u00e1n\u00ed, nebo balan\u010dn\u00ed sada. \u010cas je tak\u00e9 na prvn\u00ed odr\u00e1\u017eedla, nekupujte v\u0161ak p\u0159\u00edli\u0161 \u0161irok\u00e1, nen\u00ed to vhodn\u00e9 na ky\u010dle. Vhodn\u00e9 jsou i mas\u00e1\u017en\u00ed kobere\u010dky na chodidla, po kter\u00fdch m\u016f\u017ee kr\u00e1sn\u011b b\u011bhat. V t\u00e9to dob\u011b m\u016f\u017eete tak\u00e9 po\u0159\u00eddit prvn\u00ed vl\u00e1\u010dky, kter\u00e9 jsou u d\u011bt\u00ed velice obl\u00edben\u00e9. Koleje a p\u0159\u00edslu\u0161enstv\u00ed MyFirst se bude mali\u010dk\u00fdm d\u011btem l\u00edbit, proto\u017ee jsou dostate\u010dn\u011b velik\u00e9, tak\u017ee se s nimi skv\u011ble manipuluje a d\u011bti si s nimi porad\u00ed u\u017e i sami. V t\u00e9to dob\u011b tak\u00e9 p\u0159ich\u00e1z\u00ed prvn\u00ed stavebnice typu lego, kter\u00e9 jsou dostate\u010dn\u011b velk\u00e9 pro rok a p\u016fl star\u00e9 d\u00edt\u011b.D\u011bti do t\u0159\u00ed letD\u011bti mezi druh\u00fdm a t\u0159et\u00edm rokem ji\u017e maj\u00ed dobrou motoriku a t\u00edm p\u00e1dem za\u010d\u00ednaj\u00ed vyu\u017e\u00edvat odr\u00e1\u017eedla, kola, t\u0159\u00edkolky, kolob\u011b\u017eky a podobn\u00e1 voz\u00edtka. D\u00edt\u011b na nich tr\u00e9nuje rovnov\u00e1hu a u\u010d\u00ed se chovat se na silnici pod dohledem rodi\u010de. Dal\u0161\u00edm skv\u011bl\u00fdm d\u00e1rkem v t\u00e9to dob\u011b je tak\u00e9 houpac\u00ed prkno, kter\u00e9 d\u00edtko ur\u010dit\u011b ocen\u00ed, m\u016f\u017ee se na n\u011bm toti\u017e houpat, odpo\u010d\u00edvat, podl\u00e9zat ho, jezdit po n\u011bm s autem\u2026 Tato prkna maj\u00ed \u0161irok\u00e1 vyu\u017eit\u00ed a jsou obl\u00edben\u00e1 i u rodi\u010d\u016f, kter\u00e9 bez probl\u00e9m\u016f tak\u00e9 unesou.                                                                                                                                                                                                                                                                                                                                                                                          4.1\/5 - (7 votes)        "},{"@context":"https:\/\/schema.org\/","@type":"BreadcrumbList","itemListElement":[{"@type":"ListItem","position":1,"name":"V\u00e1no\u010dn\u00ed d\u00e1rky pro d\u011bti do t\u0159\u00ed let","item":"https:\/\/www.aquavita.cz\/vanocni-darky-pro-deti-do-tri-let\/#breadcrumbitem"}]}]