[{"@context":"https:\/\/schema.org\/","@type":"Article","@id":"https:\/\/www.aquavita.cz\/maskarni-kostym-pro-vase-dite\/#Article","mainEntityOfPage":"https:\/\/www.aquavita.cz\/maskarni-kostym-pro-vase-dite\/","headline":"Ma\u0161karn\u00ed kost\u00fdm pro va\u0161e d\u00edt\u011b","name":"Ma\u0161karn\u00ed kost\u00fdm pro va\u0161e d\u00edt\u011b","description":"Pot\u0159ebuje va\u0161e d\u00edt\u011b do \u0161kolky n\u011bjak\u00fd speci\u00e1ln\u00ed oble\u010dek na ma\u0161karn\u00ed? Nejste zrovna zru\u010dnou \u0161vadlenkou a va\u0161e hol\u010di\u010dka chce b\u00fdt za princeznu a chlape\u010dek za pir\u00e1ta? Pokud opravdu neum\u00edte \u0161\u00edt a nebo prost\u011b na to nem\u00e1te \u010das, p\u0159ij\u010fte si k\u00a0n\u00e1m vybrat pr\u00e1v\u011b takov\u00fd p\u0159evlek, kter\u00fd si va\u0161e d\u00edtko hned z\u00edsk\u00e1. M\u016f\u017eete si nav\u00edc vyb\u00edrat spole\u010dn\u011b, proto\u017ee [&hellip;]","datePublished":"2024-10-31","dateModified":"2024-10-31","author":{"@type":"Person","@id":"https:\/\/www.aquavita.cz\/author\/#Person","name":"","url":"https:\/\/www.aquavita.cz\/author\/","identifier":1,"image":{"@type":"ImageObject","@id":"https:\/\/secure.gravatar.com\/avatar\/014a645f9f16d49aceddb25e316448c724bd78e7db0ee7a34c29417d5ca39ef1?s=96&d=mm&r=g","url":"https:\/\/secure.gravatar.com\/avatar\/014a645f9f16d49aceddb25e316448c724bd78e7db0ee7a34c29417d5ca39ef1?s=96&d=mm&r=g","height":96,"width":96}},"publisher":{"@type":"Organization","name":"aquavita.cz","logo":{"@type":"ImageObject","@id":"\/logo.png","url":"\/logo.png","width":600,"height":60}},"url":"https:\/\/www.aquavita.cz\/maskarni-kostym-pro-vase-dite\/","wordCount":357,"articleBody":"\tPot\u0159ebuje va\u0161e d\u00edt\u011b do \u0161kolky n\u011bjak\u00fd speci\u00e1ln\u00ed oble\u010dek na ma\u0161karn\u00ed? Nejste zrovna zru\u010dnou \u0161vadlenkou a va\u0161e hol\u010di\u010dka chce b\u00fdt za princeznu a chlape\u010dek za pir\u00e1ta? Pokud opravdu neum\u00edte \u0161\u00edt a nebo prost\u011b na to nem\u00e1te \u010das, p\u0159ij\u010fte si k\u00a0n\u00e1m vybrat pr\u00e1v\u011b takov\u00fd p\u0159evlek, kter\u00fd si va\u0161e d\u00edtko hned z\u00edsk\u00e1. M\u016f\u017eete si nav\u00edc vyb\u00edrat spole\u010dn\u011b, proto\u017ee na fotografi\u00edch v\u00a0katalogu jsou p\u0159evleky p\u011bkn\u011b p\u0159ipraven\u00e9, abyste m\u011bli u\u017e p\u0159edem mo\u017enost vid\u011bt, jak to vypad\u00e1 na d\u011btech. Tak\u017ee se do toho pus\u0165te a objednejte si v\u00a0na\u0161em obch\u016fdku to prav\u00e9, co se bude l\u00edbit a nejl\u00e9pe hned. Proto\u017ee, jak za\u010dne ma\u0161karn\u00ed sez\u00f3na, dostupn\u00fdch a obl\u00edben\u00fdch p\u0159evlek\u016f ub\u00fdv\u00e1 a ve chv\u00edli, kdy ho budete pot\u0159ebovat, nemusel by b\u00fdt u\u017e okam\u017eit\u011b dostupn\u00fd.\tV\u00fdb\u011br p\u0159evleku je na v\u00e1sTak u\u017e zase leto\u0161n\u00ed Halloween klepe na dve\u0159e a vy p\u0159em\u00fd\u0161l\u00edte, co si na tenhle stra\u0161ideln\u00fd sv\u00e1tek obl\u00e9ci. Letos chcete n\u011bco, co ostatn\u00ed opravdu pobav\u00ed i pod\u011bs\u00ed z\u00e1rove\u0148 a tak p\u0159em\u00fd\u0161l\u00edte, \u017ee si n\u011bjak\u00fd speci\u00e1ln\u00ed oble\u010dek koup\u00edte. Proto\u017ee pr\u00e1v\u011b takov\u00fd kost\u00fdm m\u00e1me v\u00a0na\u0161\u00ed nab\u00eddce a to nejeden, p\u0159ij\u010fte si k\u00a0n\u00e1m vybrat a uvid\u00edte, \u017ee nebudete zklam\u00e1ni. Stra\u0161ideln\u00e9 pojet\u00ed, lebky a netop\u00fd\u0159\u00ed k\u0159\u00eddla, p\u0159\u00edpadn\u011b smr\u0165\u00e1ck\u00fd design, d\u00e1 vyniknout d\u00edky fosforeskuj\u00edc\u00edm dopl\u0148k\u016fm i ve tm\u011b. A pr\u00e1v\u011b tohle je to, co v\u00e1s bav\u00ed, b\u00fdt jedine\u010dn\u00ed a kreativn\u00ed, a to v\u00e1m na\u0161e oble\u010dky bezezbytku umo\u017en\u00ed. Vyberte si n\u011bjak\u00fd stra\u0161liv\u00fd oble\u010dek, kter\u00e9ho se polek\u00e1te i vy sami, kdy\u017e pohl\u00e9dnete do zrcadla, pr\u00e1v\u011b takov\u00fd p\u0159evlek je toti\u017e t\u00edm prav\u00fdm.                                                                                                                                                                                                                                                                                                                                                                                        3.2\/5 - (4 votes)        "},{"@context":"https:\/\/schema.org\/","@type":"BreadcrumbList","itemListElement":[{"@type":"ListItem","position":1,"name":"Ma\u0161karn\u00ed kost\u00fdm pro va\u0161e d\u00edt\u011b","item":"https:\/\/www.aquavita.cz\/maskarni-kostym-pro-vase-dite\/#breadcrumbitem"}]}]