[{"@context":"https:\/\/schema.org\/","@type":"Article","@id":"https:\/\/www.aquavita.cz\/kultura-a-zeme\/#Article","mainEntityOfPage":"https:\/\/www.aquavita.cz\/kultura-a-zeme\/","headline":"Kultura a zem\u011b","name":"Kultura a zem\u011b","description":"V\u0161ichni v\u00edme, \u017ee kultura ka\u017ed\u00e9 zem\u011b je jedine\u010dn\u00e1 a origin\u00e1ln\u00ed. V\u017edycky, kdy\u017e jsem jezdila je se sv\u00fdm p\u0159\u00edtelem po sv\u011bt\u011b za kulturou, tak jsem se v\u017edycky zastavila v ka\u017ed\u00e9 zemi a zji\u0161\u0165ovala jsem, jakou tam maj\u00ed tam i obyvatel\u00e9 kulturu. Jsem toti\u017e opravdu hodn\u011b kulturn\u011b zalo\u017een\u00fd \u010dlov\u011bk, tak\u017ee taky r\u00e1da objevuji nov\u00e1 m\u00edsta a novou [&hellip;]","datePublished":"2022-10-24","dateModified":"2023-05-06","author":{"@type":"Person","@id":"https:\/\/www.aquavita.cz\/author\/#Person","name":"","url":"https:\/\/www.aquavita.cz\/author\/","identifier":1,"image":{"@type":"ImageObject","@id":"https:\/\/secure.gravatar.com\/avatar\/014a645f9f16d49aceddb25e316448c724bd78e7db0ee7a34c29417d5ca39ef1?s=96&d=mm&r=g","url":"https:\/\/secure.gravatar.com\/avatar\/014a645f9f16d49aceddb25e316448c724bd78e7db0ee7a34c29417d5ca39ef1?s=96&d=mm&r=g","height":96,"width":96}},"publisher":{"@type":"Organization","name":"aquavita.cz","logo":{"@type":"ImageObject","@id":"\/logo.png","url":"\/logo.png","width":600,"height":60}},"image":{"@type":"ImageObject","@id":"https:\/\/www.aquavita.cz\/wp-content\/uploads\/girl-2114471_960_720.jpg","url":"https:\/\/www.aquavita.cz\/wp-content\/uploads\/girl-2114471_960_720.jpg","height":0,"width":0},"url":"https:\/\/www.aquavita.cz\/kultura-a-zeme\/","about":["Kultura"],"wordCount":427,"articleBody":"V\u0161ichni v\u00edme, \u017ee kultura ka\u017ed\u00e9 zem\u011b je jedine\u010dn\u00e1 a origin\u00e1ln\u00ed. V\u017edycky, kdy\u017e jsem jezdila je se sv\u00fdm p\u0159\u00edtelem po sv\u011bt\u011b za kulturou, tak jsem se v\u017edycky zastavila v ka\u017ed\u00e9 zemi a zji\u0161\u0165ovala jsem, jakou tam maj\u00ed tam i obyvatel\u00e9 kulturu. Jsem toti\u017e opravdu hodn\u011b kulturn\u011b zalo\u017een\u00fd \u010dlov\u011bk, tak\u017ee taky r\u00e1da objevuji nov\u00e1 m\u00edsta a novou kulturu. Nen\u00ed ale kultura jako kultura. A kdy\u017e jsem doma v na\u0161\u00ed zemi v \u010cesk\u00e9 republice, tak velice \u010dasto chod\u00edm do kina anebo do divadla, kde si v\u017edycky odpo\u010dinu. Proto\u017ee m\u00e1m toti\u017e velice psychicky n\u00e1ro\u010dnou pr\u00e1ci, kde pracuji st\u00e1le\u00a0nonstop\u00a0s lidmi a posti\u017een\u00fdmi d\u011btmi. Tak\u017ee m\u011b jist\u011b ch\u00e1pete, \u017ee taky pot\u0159ebuji si po\u0159\u00e1dn\u011b odpo\u010dinout, abych ned\u011blala st\u00e1le to sam\u00e9. N\u011bkdy je mi z pr\u00e1ce taky smutno a lituji tam mnoho lid\u00ed a d\u011bt\u00ed, tak\u017ee je pro m\u011b kvalitn\u00ed odpo\u010dinek opravdu velice d\u016fle\u017eit\u00fd. Tak jsem si \u0159ekla, \u017ee pozn\u00e1vat nov\u00e9 kultury ve sv\u011bt\u011b by mohlo b\u00fdt pro m\u011b opravdu to nejlep\u0161\u00ed. Kdy\u017e jsem tohle navrhla sv\u00e9mu p\u0159\u00edteli, tak byl r\u00e1d, proto\u017ee i on s\u00e1m \u0159ekl, \u017ee u\u017e ho to doma nebav\u00ed a \u017ee mi taky cht\u011bl vycestovat n\u011bkam do sv\u011bta. Tak\u017ee jsem byla opravdu r\u00e1da, \u017ee i m\u016fj p\u0159\u00edtel m\u00e1 v pl\u00e1nu objevovat kulturu spole\u010dn\u011b se mnou. Tato v\u00e1\u0161e\u0148 n\u00e1m vydr\u017eela asi t\u0159i nebo \u010dty\u0159i roky, dokud m\u011b p\u0159\u00edtel neopustil, kv\u016fli jin\u00e9 \u017een\u011b. Byla jsem z toho velice ne\u0161\u0165astn\u00e1, proto\u017ee jsem si myslela, \u017ee kdy\u017e m\u00e1me spole\u010dn\u00e9 z\u00e1jmy a hlavn\u011b kulturu, tak\u017ee si rozum\u00edme a nebudeme se v\u016fbec rozch\u00e1zet. Jenom\u017ee p\u0159\u00edtel m\u011bl \u00fapln\u011b jin\u00e9 pl\u00e1ny do budoucna. A m\u011b to samoz\u0159ejm\u011b mrz\u00ed, ale v\u016fbec nic s t\u00edm neud\u011bl\u00e1m. Jsem r\u00e1da, \u017ee m\u00e1me ale mal\u00e9ho syna, se kter\u00fdm budou j\u00e1 sama objevovat kultury cel\u00e9ho sv\u011bta. Prozat\u00edm zat\u00edm jenom \u010ceskou republiku. Syn toti\u017e taky moc r\u00e1d cestuje, tak\u017ee jsem\u00a0r\u00e1da, \u017ee tohle syn zd\u011bdil po m\u011b. A kam vy nejrad\u011bji cestujete? N\u011bkdo dokonce ani r\u00e1d necestuje, stejn\u011b tak jako moje babi\u010dka, kter\u00e1 mi taky \u0159\u00edk\u00e1,\u00a0\u017ee kultura pro ni nikdy nebyla.                                                                                                                                                                                                                                                                                                                                                                                        3.6\/5 - (9 votes)        "},{"@context":"https:\/\/schema.org\/","@type":"BreadcrumbList","itemListElement":[{"@type":"ListItem","position":1,"name":"Kultura a zem\u011b","item":"https:\/\/www.aquavita.cz\/kultura-a-zeme\/#breadcrumbitem"}]}]