[{"@context":"https:\/\/schema.org\/","@type":"Article","@id":"https:\/\/www.aquavita.cz\/kdy-je-vhodne-aby-byl-najat-interierovy-architekt\/#Article","mainEntityOfPage":"https:\/\/www.aquavita.cz\/kdy-je-vhodne-aby-byl-najat-interierovy-architekt\/","headline":"Kdy je vhodn\u00e9, aby byl najat interi\u00e9rov\u00fd architekt?","name":"Kdy je vhodn\u00e9, aby byl najat interi\u00e9rov\u00fd architekt?","description":"Ka\u017ed\u00fd z n\u00e1s chce, aby jeho domov vypadal co nejl\u00e9pe, a p\u0159itom se v n\u011bm z\u00e1rove\u0148 pohodln\u011b \u017eilo. Ov\u0161em zdaleka ne ka\u017ed\u00fd m\u00e1 takov\u00fd vkus \u010di p\u0159edstavivost, aby jej dok\u00e1zal spr\u00e1vn\u011b navrhnout. Tomu pak pom\u00e1haj\u00ed i obchody s dopl\u0148ky pro dom\u00e1cnost. Sta\u010d\u00ed se zaj\u00edt pod\u00edvat do obchodu a uvid\u00edme, \u017ee naprost\u00e1 v\u011bt\u0161ina dekorac\u00ed je velmi [&hellip;]","datePublished":"2021-08-12","dateModified":"2023-05-06","author":{"@type":"Person","@id":"https:\/\/www.aquavita.cz\/author\/#Person","name":"","url":"https:\/\/www.aquavita.cz\/author\/","identifier":1,"image":{"@type":"ImageObject","@id":"https:\/\/secure.gravatar.com\/avatar\/014a645f9f16d49aceddb25e316448c724bd78e7db0ee7a34c29417d5ca39ef1?s=96&d=mm&r=g","url":"https:\/\/secure.gravatar.com\/avatar\/014a645f9f16d49aceddb25e316448c724bd78e7db0ee7a34c29417d5ca39ef1?s=96&d=mm&r=g","height":96,"width":96}},"publisher":{"@type":"Organization","name":"aquavita.cz","logo":{"@type":"ImageObject","@id":"\/logo.png","url":"\/logo.png","width":600,"height":60}},"image":{"@type":"ImageObject","@id":"https:\/\/www.aquavita.cz\/wp-content\/uploads\/intarchitekt1.jpg","url":"https:\/\/www.aquavita.cz\/wp-content\/uploads\/intarchitekt1.jpg","height":0,"width":0},"url":"https:\/\/www.aquavita.cz\/kdy-je-vhodne-aby-byl-najat-interierovy-architekt\/","about":["D\u016fm a byt"],"wordCount":436,"articleBody":"   Ka\u017ed\u00fd z n\u00e1s chce, aby jeho domov vypadal co nejl\u00e9pe, a p\u0159itom se v n\u011bm z\u00e1rove\u0148 pohodln\u011b \u017eilo. Ov\u0161em zdaleka ne ka\u017ed\u00fd m\u00e1 takov\u00fd vkus \u010di p\u0159edstavivost, aby jej dok\u00e1zal spr\u00e1vn\u011b navrhnout. Tomu pak pom\u00e1haj\u00ed i obchody s dopl\u0148ky pro dom\u00e1cnost.Sta\u010d\u00ed se zaj\u00edt pod\u00edvat do obchodu a uvid\u00edme, \u017ee naprost\u00e1 v\u011bt\u0161ina dekorac\u00ed je velmi jasn\u00e1 a bl\u00fdskav\u00e1, mnohdy a\u017e k\u00fd\u010dovit\u00e1. Jsou to v\u011bci, kter\u00e9 p\u0159itahuj\u00ed pozornost, co\u017e je samoz\u0159ejm\u011b dob\u0159e z hlediska prodeje, av\u0161ak nikoliv z hlediska jejich funkce.Pokud toti\u017e takovouto dekoraci n\u011bkam um\u00edst\u00edme, pak se bude nevyhnuteln\u011b vyj\u00edmat, a\u010dkoliv bychom cht\u011bli, aby byla sp\u00ed\u0161e dopl\u0148kem, kter\u00fd dotvo\u0159\u00ed celkovou atmosf\u00e9ru. A to ani nen\u00ed \u0159e\u010d o rozm\u00edst\u011bn\u00ed n\u00e1bytku.Abychom se tomu vyhnuli, je mo\u017en\u00e9 vyu\u017e\u00edt slu\u017eeb profesion\u00e1la. Interi\u00e9rov\u00fd architekt n\u00e1m vytvo\u0159\u00ed n\u00e1vrh podle na\u0161ich p\u0159edstav, kter\u00fd v\u0161ak z\u00e1rove\u0148 bude funk\u010dn\u00ed a bude vypadat dob\u0159e. Vyhneme se tak nej\u010dast\u011bj\u0161\u00edm chyb\u00e1m, kter\u00e9 d\u011bl\u00e1me, ale i k\u00fd\u010d\u016fm.Ov\u0161em faktem je, \u017ee si za sv\u00e9 slu\u017eby rozhodn\u011b nech\u00e1 zaplatit. A tato \u010d\u00e1stka nemus\u00ed b\u00fdt mal\u00e1. Je tedy jasn\u00e9, \u017ee mnoho lid\u00ed si rad\u011bji v\u0161e za\u0159\u00edd\u00ed sami, ne\u017e aby museli podle nich zbyte\u010dn\u011b platit. Existuj\u00ed ale p\u0159\u00edpady, kdy se vyu\u017eit\u00ed jeho slu\u017eeb skute\u010dn\u011b vyplat\u00ed?N\u011bkdy skute\u010dn\u011b ano. P\u0159\u00edkladem m\u016f\u017ee b\u00fdt, pokud chceme ony prostory vyu\u017e\u00edvat ke spole\u010densk\u00fdm akc\u00edm a setk\u00e1n\u00edm, a\u0165 u\u017e ofici\u00e1ln\u00edm \u010di nikoliv. Zde je toti\u017e d\u016fle\u017eit\u00e9, abychom se zde c\u00edtili dob\u0159e nejen my, ale tak\u00e9 v\u0161ichni na\u0161i host\u00e9, a aby tak\u00e9 ony prostory byly ke sv\u00e9mu \u00fa\u010delu vhodn\u00e9.Tak\u00e9 je to dobr\u00e9 v p\u0159\u00edpad\u011b, \u017ee je chceme vyu\u017e\u00edvat komer\u010dn\u011b, a\u0165 u\u017e jako kamennou prodejnu \u010di jako kancel\u00e1\u0159e obchodn\u00edk\u016f, kde se budou dojedn\u00e1vat kupn\u00ed podm\u00ednky. I zde je pot\u0159eba doc\u00edlit spr\u00e1vn\u00e9 atmosf\u00e9ry, aby se zde v\u0161ichni c\u00edtili dob\u0159e. To je toti\u017e z\u00e1kladem \u00fasp\u011b\u0161n\u00e9ho jedn\u00e1n\u00ed.Je tedy vid\u011bt, \u017ee i tato profese m\u00e1 sv\u00e9 vyu\u017eit\u00ed. A to je i d\u016fvod, pro\u010d st\u00e1le existuj\u00ed a nab\u00edz\u00ed sv\u00e9 slu\u017eby. A je jasn\u00e9, \u017ee by byla \u0161koda jich v n\u011bkter\u00fdch p\u0159\u00edpadech nevyu\u017e\u00edt.                                                                                                                                                                                                                                                                                                                                                                                          3.4\/5 - (5 votes)        "},{"@context":"https:\/\/schema.org\/","@type":"BreadcrumbList","itemListElement":[{"@type":"ListItem","position":1,"name":"Kdy je vhodn\u00e9, aby byl najat interi\u00e9rov\u00fd architekt?","item":"https:\/\/www.aquavita.cz\/kdy-je-vhodne-aby-byl-najat-interierovy-architekt\/#breadcrumbitem"}]}]