[{"@context":"https:\/\/schema.org\/","@type":"Article","@id":"https:\/\/www.aquavita.cz\/co-si-pocit-za-horka\/#Article","mainEntityOfPage":"https:\/\/www.aquavita.cz\/co-si-pocit-za-horka\/","headline":"Co si po\u010d\u00edt za horka?","name":"Co si po\u010d\u00edt za horka?","description":"A\u010d tomu v tuto chv\u00edli v\u016fbec nic nenasv\u011bd\u010duje, ur\u010dit\u011b tu zase bude za p\u00e1r m\u011bs\u00edc\u016f l\u00e9to. Roztaje ta trocha sn\u011bhu, j\u00ed\u017e n\u00e1s zimn\u00ed obdob\u00ed obda\u0159ilo, voda odte\u010de p\u0159i oblev\u011b nezn\u00e1mo kam do ni\u017e\u0161\u00edch poloh a nakonec snad i do mo\u0159\u00ed, slunce se bude dr\u017eet d\u00e9le a d\u00e9le na obloze a my se pod n\u00edm budeme [&hellip;]","datePublished":"2019-01-16","dateModified":"2023-05-06","author":{"@type":"Person","@id":"https:\/\/www.aquavita.cz\/author\/#Person","name":"","url":"https:\/\/www.aquavita.cz\/author\/","identifier":1,"image":{"@type":"ImageObject","@id":"https:\/\/secure.gravatar.com\/avatar\/014a645f9f16d49aceddb25e316448c724bd78e7db0ee7a34c29417d5ca39ef1?s=96&d=mm&r=g","url":"https:\/\/secure.gravatar.com\/avatar\/014a645f9f16d49aceddb25e316448c724bd78e7db0ee7a34c29417d5ca39ef1?s=96&d=mm&r=g","height":96,"width":96}},"publisher":{"@type":"Organization","name":"aquavita.cz","logo":{"@type":"ImageObject","@id":"\/logo.png","url":"\/logo.png","width":600,"height":60}},"image":{"@type":"ImageObject","@id":"https:\/\/www.aquavita.cz\/wp-content\/uploads\/img_a335777_w2639_t1548954071.jpg","url":"https:\/\/www.aquavita.cz\/wp-content\/uploads\/img_a335777_w2639_t1548954071.jpg","height":0,"width":0},"url":"https:\/\/www.aquavita.cz\/co-si-pocit-za-horka\/","about":["Z\u00e1bava"],"wordCount":510,"articleBody":"A\u010d tomu v tuto chv\u00edli v\u016fbec nic nenasv\u011bd\u010duje, ur\u010dit\u011b tu zase bude za p\u00e1r m\u011bs\u00edc\u016f l\u00e9to. Roztaje ta trocha sn\u011bhu, j\u00ed\u017e n\u00e1s zimn\u00ed obdob\u00ed obda\u0159ilo, voda odte\u010de p\u0159i oblev\u011b nezn\u00e1mo kam do ni\u017e\u0161\u00edch poloh a nakonec snad i do mo\u0159\u00ed, slunce se bude dr\u017eet d\u00e9le a d\u00e9le na obloze a my se pod n\u00edm budeme p\u00e9ct, sma\u017eit, dusit ve vlastn\u00ed \u0161\u0165\u00e1v\u011b. Pochopiteln\u011b jenom v p\u0159enesen\u00e9m smyslu slova, ale ani tak to nebude nic p\u0159\u00edjemn\u00e9ho.&#13; Op\u011bt odlo\u017e\u00edme v\u0161echny zbyte\u010dn\u00e9 svr\u0161ky a n\u011bkte\u0159\u00ed dokonce i spodky, budeme se chr\u00e1nit p\u0159ed vedrem, se\u010d n\u00e1m jenom budou s\u00edly a mo\u017enosti sta\u010dit, ale ani to nebude dost.&#13; I tak budeme co chv\u00edli zbrocen\u00ed potem a ti, kdo budou muset do pr\u00e1ce, budou neskr\u00fdvan\u011b z\u00e1vid\u011bt v\u0161em t\u011bm, kdo mohou n\u011bkam k vod\u011b nebo aspo\u0148 do st\u00ednu lesa. Proto\u017ee tam to bude sn\u00e1ze k p\u0159e\u017eit\u00ed, ale logicky tam nebudou moci v\u0161ichni; n\u011bkdo se p\u0159ece mus\u00ed postarat, aby \u017eivot b\u011b\u017eel norm\u00e1ln\u011b d\u00e1l, i ve chv\u00edl\u00edch, kdy na tom nen\u00ed nic z\u00e1vid\u011bn\u00edhodn\u00e9ho.&#13; A co maj\u00ed d\u011blat norm\u00e1ln\u00ed lid\u00e9, ?&#13; a) P\u0159edev\u0161\u00edm by m\u011bli p\u00edt. \u010c\u00edm\u017e nen\u00ed m\u00edn\u011bno nakoupit si n\u011bkolik bas piva nebo dokonce tvrd\u00e9ho alkoholu (tvrzen\u00ed, \u017ee \u201easpo\u0148 dva litry denn\u011b by m\u011bl vyp\u00edt ka\u017ed\u00fd\u201c, se na tuzem\u00e1k nevztahuje). Dostatek tekutin je nezbytn\u00fd, aby se zabr\u00e1nilo omdlen\u00ed, bolestem hlavy a halucinac\u00edm, v krajn\u00edm p\u0159\u00edpad\u011b i smrti.&#13; b) P\u0159inejmen\u0161\u00edm v nejteplej\u0161\u00ed \u010d\u00e1sti dne by m\u011bli lid\u00e9 zat\u00e1hnout z\u00e1v\u011bsy \u010di \u017ealuzie, aby se m\u00edstnosti zatemnily, a tak\u00e9 by nem\u011bli v\u011btrat. A neu\u0161kod\u00ed ani rozv\u011b\u0161et v takov\u00e9 m\u00edstnosti mokr\u00e1 prost\u011bradla, kter\u00e1 dok\u00e1\u017eou tak\u00e9 srazit n\u011bjak\u00fd ten stup\u00ednek.&#13; c) Sp\u00e1t by m\u011bli nam\u00edsto pod pe\u0159inou pouze pod chladiv\u00fdm prost\u011bradlem a v minimu oble\u010den\u00ed nebo je\u0161t\u011b l\u00e9pe \u00fapln\u011b bez.&#13; d) A \u2013 co\u017e nedoporu\u010duje nikdo z odborn\u00edk\u016f na slovo vzat\u00fdch, ale pouze j\u00e1 \u2013 \u010dlov\u011bk by m\u011bl v takov\u00e9 situaci b\u00fdt v dob\u0159e zvukov\u011b izolovan\u00e9 m\u00edstnosti a s\u00e1m.&#13; To aby si mohl od plic ulevovat i t\u011bmi nej\u0161\u0165avnat\u011bj\u0161\u00edmi nad\u00e1vkami adresovan\u00fdmi pr\u00e1v\u011b onomu p\u0159\u00ed\u0161ern\u00e9mu hork\u00e9mu po\u010das\u00ed. Kter\u00e9 je k nevydr\u017een\u00ed a kter\u00e9 by m\u011bli \u2013 kdyby to \u0161lo \u2013 zak\u00e1zat. Proto\u017ee je to hnus.&#13; Hnus, na kter\u00fd budeme o pouh\u00fdch n\u011bkolik m\u011bs\u00edc\u016f pozd\u011bji pro zm\u011bnu r\u00e1di a s l\u00e1skou vzpom\u00ednat. A\u017e budeme drkotat v zimn\u00edm mrazu zuby a vzpom\u00ednat na to kr\u00e1sn\u00e9 letn\u00ed tepl\u00ed\u010dko.                                                                                                                                                                                                                                                                                                                                                                                        4.9\/5 - (8 votes)        "},{"@context":"https:\/\/schema.org\/","@type":"BreadcrumbList","itemListElement":[{"@type":"ListItem","position":1,"name":"Co si po\u010d\u00edt za horka?","item":"https:\/\/www.aquavita.cz\/co-si-pocit-za-horka\/#breadcrumbitem"}]}]